{"id":203,"date":"2020-08-05T13:34:00","date_gmt":"2020-08-05T13:34:00","guid":{"rendered":"https:\/\/www.graustich.com\/blog\/?p=203"},"modified":"2020-09-27T12:25:36","modified_gmt":"2020-09-27T12:25:36","slug":"foerderprogramm-go-digital-abrufen","status":"publish","type":"post","link":"https:\/\/www.graustich.com\/blog\/foerderprogramm-go-digital-abrufen.html","title":{"rendered":"F\u00f6rderung &#8222;go-digital&#8220; abrufen"},"content":{"rendered":"\n<h6 class=\"wp-block-heading\"><strong>Lesezeit 3,5 Minuten<\/strong><\/h6>\n\n\n\n<p class=\"has-drop-cap\">Die Digitalisierung greift immer weiter um sich und trifft alle Branchen und Gesch\u00e4ftsbereiche. Um sich auch im digitalen Zeitalter behaupten zu k\u00f6nnen, m\u00fcssen digitale Ma\u00dfnahmen im Unternehmen etabliert werden. Hier setzt das F\u00f6rderprogramm &#8222;go-digital&#8220; (<a href=\"http:\/\/www.bmwi-go-digital.de\" data-type=\"URL\" data-id=\"www.bmwi-go-digital.de\">www.bmwi-go-digital.de<\/a>) des Bundeswirtschaftsministeriums an: Im Modul &#8222;Digitale Markterschlie\u00dfung&#8220; richtet es sich gezielt an kleine und mittlere Unternehmen der gewerblichen Wirtschaft und an das Handwerk.<\/p>\n\n\n\n<blockquote class=\"wp-block-quote is-style-large is-layout-flow wp-block-quote-is-layout-flow\"><p>Bei vielen Unternehmen fehlen Kapazit\u00e4ten, um digitale Aktivit\u00e4ten zielgerichtet und erfolgreich durchzuf\u00fchren.<\/p><\/blockquote>\n\n\n\n<p>Graustich ist seit 2020 eines der bundesweit fl\u00e4chendeckenden Beraterunternehmen f\u00fcr das \u201cgo-digital\u201d. Als eines der autorisierten \u201cgo-digital\u201d- Beratungsunternehmen begleiten wir KMU und Handwerk von der Analyse bis hin zur Umsetzung konkreter Markterschlie\u00dfungsma\u00dfnahmen. Unsere praxisnahen Beratungs- und Umsetzungsleistungen zu technologischen und gesellschaftlichen Entwicklungen im Bereich der Digitalisierung von Gesch\u00e4ftsmodellen unterst\u00fctzen auch Ihr Vorhaben auf dem Weg in die digitale Zukunft<\/p>\n\n\n\n<p>Dabei bietet das F\u00f6rderprogramm \u201cgodigital\u201d Unternehmen eine unb\u00fcrokratische finanzielle Unterst\u00fctzung. Wir als Berater \u00fcbernehmen die administrative Projektabwicklung: von der Antragstellung bis hin zur Berichterstattung.<\/p>\n\n\n\n<h3 class=\"wp-block-heading\">Wie wird gef\u00f6rdert?<\/h3>\n\n\n\n<p>F\u00f6rderung von Leistungen in Anspruch nehmen, wenn sie folgende Voraussetzungen erf\u00fcllen:<\/p>\n\n\n\n<ul class=\"wp-block-list\"><li>Weniger als 100 Mitarbeiter<\/li><li>Vorjahresumsatz- oder Vorjahresbilanzsumme von h\u00f6chstens 20 Mio. Euro<\/li><li>Betriebsst\u00e4tte oder Niederlassung in Deutschland<\/li><li>F\u00f6rderf\u00e4higkeit nach der De-minimisVerordnung<\/li><\/ul>\n\n\n\n<h3 class=\"wp-block-heading\">Wie hoch ist die F\u00f6rderung?<\/h3>\n\n\n\n<p>Beratungsleistungen werden mit einer F\u00f6rderquote von 50 Prozent auf einen maximalen Beratertagessatz von 1.100 Euro (ohne Mehrwertsteuer) gef\u00f6rdert. Das beg\u00fcnstigte KMU tr\u00e4gt nur seinen Eigenanteil. Der F\u00f6rderumfang betr\u00e4gt maximal 30 Beratertage in einem Zeitraum von bis zu 6 Monaten.<\/p>\n\n\n\n<h3 class=\"wp-block-heading\">Was bietet unsere Beratung?<\/h3>\n\n\n\n<p>Wir bieten Ihnen eine individuelle, fachliche Beratung und Umsetzung im F\u00f6rdermodul \u201cDigitale Markterschlie\u00dfung\u201d. Wir \u00fcbernehmen dabei die Gesamtverantwortung Ihres Projektes und \u00fcberpr\u00fcfen in einem ersten Schritt die F\u00f6rderf\u00e4higkeit Ihres Unternehmens. Nach einem ersten Gespr\u00e4ch stellen wir einen Antrag f\u00fcr Ihr Projektvorhaben. Daraufhin bekommen Sie von uns eine wettbewerbsneutrale Beratung von der Analyse bis hin zur Umsetzung. Die Dokumentation der Leistungserbringung im Verwendungsnachweis, bestehend aus zahlenm\u00e4\u00dfigen Nachweis sowie einem aussagekr\u00e4ftigen, nachvollziehbaren Sachbericht.<\/p>\n\n\n\n<h3 class=\"wp-block-heading\">Weitere F\u00f6rderungen?<\/h3>\n\n\n\n<p>Dar\u00fcber hinaus geben wir Ihnen einen Einblick oder einen Ausblick in weitere f\u00f6rderf\u00e4hige M\u00f6glichkeiten, um Ihr Projekt auch weiter in der Forschung, Realisierung und\/oder Marktplatzierung zu unterst\u00fctzen.<\/p>\n","protected":false},"excerpt":{"rendered":"<p>Graustich ist eines der bundesweit beratenden Unternehmen f\u00fcr das go-digital F\u00f6rderprogramm. Wir begleiten bei Umsetzung digitaler Ma\u00dfnahmen.<\/p>\n","protected":false},"author":2,"featured_media":212,"comment_status":"closed","ping_status":"closed","sticky":false,"template":"single-no-sidebar.php","format":"standard","meta":{"footnotes":""},"categories":[4,5,6],"tags":[35,41,34,12,30,38,33,32,31,37,36,40,42,39],"class_list":["post-203","post","type-post","status-publish","format-standard","has-post-thumbnail","hentry","category-digital","category-innovation","category-zukunft","tag-bmwi","tag-business","tag-digital","tag-digitalisierung","tag-foerderung","tag-geschaeftsidee","tag-go","tag-go-digital","tag-godigital","tag-idee","tag-innovation","tag-new","tag-new-business","tag-newbusiness","entry"],"_links":{"self":[{"href":"https:\/\/www.graustich.com\/blog\/wp-json\/wp\/v2\/posts\/203","targetHints":{"allow":["GET"]}}],"collection":[{"href":"https:\/\/www.graustich.com\/blog\/wp-json\/wp\/v2\/posts"}],"about":[{"href":"https:\/\/www.graustich.com\/blog\/wp-json\/wp\/v2\/types\/post"}],"author":[{"embeddable":true,"href":"https:\/\/www.graustich.com\/blog\/wp-json\/wp\/v2\/users\/2"}],"replies":[{"embeddable":true,"href":"https:\/\/www.graustich.com\/blog\/wp-json\/wp\/v2\/comments?post=203"}],"version-history":[{"count":14,"href":"https:\/\/www.graustich.com\/blog\/wp-json\/wp\/v2\/posts\/203\/revisions"}],"predecessor-version":[{"id":345,"href":"https:\/\/www.graustich.com\/blog\/wp-json\/wp\/v2\/posts\/203\/revisions\/345"}],"wp:featuredmedia":[{"embeddable":true,"href":"https:\/\/www.graustich.com\/blog\/wp-json\/wp\/v2\/media\/212"}],"wp:attachment":[{"href":"https:\/\/www.graustich.com\/blog\/wp-json\/wp\/v2\/media?parent=203"}],"wp:term":[{"taxonomy":"category","embeddable":true,"href":"https:\/\/www.graustich.com\/blog\/wp-json\/wp\/v2\/categories?post=203"},{"taxonomy":"post_tag","embeddable":true,"href":"https:\/\/www.graustich.com\/blog\/wp-json\/wp\/v2\/tags?post=203"}],"curies":[{"name":"wp","href":"https:\/\/api.w.org\/{rel}","templated":true}]}}